{"id":462,"date":"2013-04-21T21:22:58","date_gmt":"2013-04-21T19:22:58","guid":{"rendered":"http:\/\/www.lagitedulocal.com\/?p=462"},"modified":"2013-04-21T21:22:58","modified_gmt":"2013-04-21T19:22:58","slug":"brins-de-muguet","status":"publish","type":"post","link":"https:\/\/www.lagitedulocal.com\/?p=462","title":{"rendered":"Brins de muguet"},"content":{"rendered":"<div style=\"text-align: justify;\">Pour ceux qui n&rsquo;arriveraient pas \u00e0 se concentrer sur le texte explicatif du visuel ci-joint pour cause de distraction, je r\u00e9capitule.<\/div>\n<div style=\"text-align: justify;\">Le premier mai de cette ann\u00e9e 2013 (c&rsquo;est dans fort peu de temps&#8230;),<\/div>\n<div style=\"text-align: justify;\">nous serons trois dessinateurs (pour l&rsquo;instant) \u00e0 exposer nos effronteries \u00e0 la Stub des deux \u00e9tangs au rond point d&rsquo;Heiligenberg qui, comme son nom l&rsquo;indique, se trouve plut\u00f4t loin de novosibirsk et plus pr\u00e9cis\u00e9ment sur l&rsquo;A35 direction Schirmeck. De toutes fa\u00e7ons la bande de monomaniaques super hype que vous \u00eates tous a d\u00e9j\u00e0 tap\u00e9 les trois double v\u00e9s de r\u00e9f\u00e9rence et savent sur l&rsquo;heure o\u00f9 cela se trouve.<\/div>\n<div style=\"text-align: justify;\">Nous vous convions donc \u00e0 un jour ch\u00f4m\u00e9 et f\u00e9ri\u00e9 o\u00f9 nous serons les seuls \u00e0 travailler, occup\u00e9s \u00e0 vous d\u00e9dicacer nos ouvrages de grande qualit\u00e9 pour le plus grand plaisir de pouvoir satisfaire votre addiction consum\u00e9riste, m\u00eame en ce jour symbolique pour lequel vos p\u00e8res et m\u00e8res ont lutt\u00e9 corps et \u00e2mes face au grand capital esclavagiste.<\/div>\n<div style=\"text-align: justify;\">Il y aura des livres (plein), des dessins (tr\u00e8s beaucoup), des tableaux, des magazines (Heb&rsquo;di et tout le staff du magazine; c&rsquo;est le redac-chef qui a pos\u00e9 pour l&rsquo;affiche (au premier plan&#8230;) \u00a0et plein de tout ce qui fait des d\u00e9lices autrement plus corrosifs que ce que vous livre quotidiennement le tract pour hypermarch\u00e9 d\u00e9pass\u00e9 qu&rsquo;est devenu votre journal local. Il y aura bien s\u00fbr \u00e0 boire et \u00e0 manger, car on sait bien que vous vous d\u00e9placez plus difficilement si il n&rsquo;y a pas pitance \u00e0 proximit\u00e9. Et l\u00e0 ; Dieu que la tarte flamb\u00e9e est bonne.<\/div>\n<div style=\"text-align: justify;\">Pour l&rsquo;occasion, comme on ne vous sert pas de r\u00e9chauff\u00e9, je vous pr\u00e9senterai en avant-premi\u00e8re mon tout dernier ouvrage, dont vous recevrez bient\u00f4t le visuel de promotion comme on dit dans le vaste monde du commerce.<\/div>\n<div style=\"text-align: justify;\">Et j&rsquo;essaierai m\u00eame vainement de vous le fourguer pour la modique somme de neuf malheureux euros et quatre vingt mis\u00e9rables cents (pour deux exemplaires \u00e7a se n\u00e9gocie, on ne laissera pas dire que je suis un type qui n&rsquo;a pas d&rsquo;\u00e9coute&#8230;)<\/div>\n<div style=\"text-align: justify;\">Bref on en reparlera, mais en attendant reservez votre mercredi premier mai \u00e0 d\u00e9faut de r\u00e9server votre ouvrage d\u00e9dicac\u00e9. Pas de soucis, j&rsquo;ai de la r\u00e9serve.<\/div>\n<div style=\"text-align: justify;\"><a href=\"http:\/\/www.lagitedulocal.com\/wp-content\/uploads\/2013\/04\/Affiche_1er-mai-2013_Dessinateurs-\u00e0-la-Stub.jpg\"><img loading=\"lazy\" decoding=\"async\" class=\"aligncenter size-large wp-image-463\" alt=\"Affiche_1er mai 2013_Dessinateurs \u00e0 la Stub\" src=\"http:\/\/www.lagitedulocal.com\/wp-content\/uploads\/2013\/04\/Affiche_1er-mai-2013_Dessinateurs-\u00e0-la-Stub-724x1024.jpg\" width=\"584\" height=\"825\" srcset=\"https:\/\/www.lagitedulocal.com\/wp-content\/uploads\/2013\/04\/Affiche_1er-mai-2013_Dessinateurs-\u00e0-la-Stub-724x1024.jpg 724w, https:\/\/www.lagitedulocal.com\/wp-content\/uploads\/2013\/04\/Affiche_1er-mai-2013_Dessinateurs-\u00e0-la-Stub-212x300.jpg 212w, https:\/\/www.lagitedulocal.com\/wp-content\/uploads\/2013\/04\/Affiche_1er-mai-2013_Dessinateurs-\u00e0-la-Stub.jpg 1241w\" sizes=\"auto, (max-width: 584px) 100vw, 584px\" \/><\/a><\/div>\n","protected":false},"excerpt":{"rendered":"<p>Pour ceux qui n&rsquo;arriveraient pas \u00e0 se concentrer sur le texte explicatif du visuel ci-joint pour cause de distraction, je r\u00e9capitule. Le premier mai de cette ann\u00e9e 2013 (c&rsquo;est dans fort peu de temps&#8230;), nous serons trois dessinateurs (pour l&rsquo;instant) &hellip; <a href=\"https:\/\/www.lagitedulocal.com\/?p=462\">Continuer la lecture <span class=\"meta-nav\">&rarr;<\/span><\/a><\/p>\n","protected":false},"author":1,"featured_media":0,"comment_status":"closed","ping_status":"closed","sticky":false,"template":"","format":"standard","meta":{"footnotes":""},"categories":[3],"tags":[],"class_list":["post-462","post","type-post","status-publish","format-standard","hentry","category-expositions"],"_links":{"self":[{"href":"https:\/\/www.lagitedulocal.com\/index.php?rest_route=\/wp\/v2\/posts\/462","targetHints":{"allow":["GET"]}}],"collection":[{"href":"https:\/\/www.lagitedulocal.com\/index.php?rest_route=\/wp\/v2\/posts"}],"about":[{"href":"https:\/\/www.lagitedulocal.com\/index.php?rest_route=\/wp\/v2\/types\/post"}],"author":[{"embeddable":true,"href":"https:\/\/www.lagitedulocal.com\/index.php?rest_route=\/wp\/v2\/users\/1"}],"replies":[{"embeddable":true,"href":"https:\/\/www.lagitedulocal.com\/index.php?rest_route=%2Fwp%2Fv2%2Fcomments&post=462"}],"version-history":[{"count":3,"href":"https:\/\/www.lagitedulocal.com\/index.php?rest_route=\/wp\/v2\/posts\/462\/revisions"}],"predecessor-version":[{"id":466,"href":"https:\/\/www.lagitedulocal.com\/index.php?rest_route=\/wp\/v2\/posts\/462\/revisions\/466"}],"wp:attachment":[{"href":"https:\/\/www.lagitedulocal.com\/index.php?rest_route=%2Fwp%2Fv2%2Fmedia&parent=462"}],"wp:term":[{"taxonomy":"category","embeddable":true,"href":"https:\/\/www.lagitedulocal.com\/index.php?rest_route=%2Fwp%2Fv2%2Fcategories&post=462"},{"taxonomy":"post_tag","embeddable":true,"href":"https:\/\/www.lagitedulocal.com\/index.php?rest_route=%2Fwp%2Fv2%2Ftags&post=462"}],"curies":[{"name":"wp","href":"https:\/\/api.w.org\/{rel}","templated":true}]}}