{"id":2047,"date":"2024-06-29T16:23:04","date_gmt":"2024-06-29T14:23:04","guid":{"rendered":"https:\/\/www.lagitedulocal.com\/?p=2047"},"modified":"2024-06-29T16:23:04","modified_gmt":"2024-06-29T14:23:04","slug":"coup-de-balai-a-legoland-et-chez-ikea","status":"publish","type":"post","link":"https:\/\/www.lagitedulocal.com\/?p=2047","title":{"rendered":"Coup de balai \u00e0 Legoland et chez Ikea"},"content":{"rendered":"\n<p>Tout affair\u00e9s que nous \u00e9tions \u00e0 nous agiter le 9 juin au soir autour de notre pauvre corps \u00e9lectoral en pleine dissolution dans une vieille\u00a0baignoire cinqui\u00e8me R\u00e9publique remplie d&rsquo;un liquide \u00e9lys\u00e9en un rien trouble, on en aurait presque oubli\u00e9 de regarder d&rsquo;un peu plus pr\u00e8s le bilan de l&rsquo;\u00e9lection europ\u00e9enne d&rsquo;il ya quinze jours. L&rsquo;essentiel \u00a0de l&rsquo;analyse fournie par nos \u00e9ditorialistes nationaux unanimes se r\u00e9sumait \u00e0 une redoutable perc\u00e9e g\u00e9n\u00e9rale de l&rsquo;extr\u00eame droite partout en Europe. Partout? Pas si vite.\u00a0Bon d&rsquo;accord, l\u00e0 on a le renouvellement d&rsquo;une assembl\u00e9e nationale qui vient de pointer le bout de son nez avec certainement un nouveau gouvernement dont personne pour l&rsquo;instant sauf en fantasme peut annoncer la couleur. Alors il vaut mieux installer une sainte p\u00e9toche afin de mettre un peu de piment dans la soupe qu&rsquo;on nous sert\u00a0jusqu&rsquo; \u00e0 dimanche soir, non?De rares professionnels de l&rsquo;information se sont fait \u00e9cho en y mettant un b\u00e9mol de cette omnipr\u00e9sence de la grippe\u00a0brune dans les urnes des pays de la communaut\u00e9 europ\u00e9enne.\u00a0Partout avez vous dit( au risque de me r\u00e9p\u00e9ter) ? oui oui . Et bien non ! L&rsquo;extr\u00eame droite a \u00e9t\u00e9 tenue en \u00e9chec retentissant par les \u00e9cologistes et la gauche radicale dans les trois pays scandinaves si\u00e9geant au parlement europ\u00e9en ! \u00a0On ne s&rsquo;int\u00e9ressera \u00a0pas \u00e0 la Norv\u00e8ge qui avec un PIB d&rsquo;avance alors que nous ramons avec un de retard \u00a0n&rsquo;en a rien \u00e0 p\u00e9ter de l&rsquo;Europe et de ses \u00a0probl\u00e8mes. Pas plus qu&rsquo; \u00e0 l&rsquo;Islande qui ne si\u00e8ge pas \u00e0 Bruxelles et qui de toute fa\u00e7on avec une population avoisinant celle du Luxembourg ne p\u00e8serait\u00a0pas bien lourd dans la balance mais \u00e0 qui nous rendrons un hommage \u00a0sinc\u00e8re en tant que pays o\u00f9 le nombre de livres lus par habitant caracole en t\u00eate. Certes \u00e7a n&rsquo;a pas grand chose \u00e0 voir avec le sujet , mais quand m\u00eame, respect.Les d\u00e9mocrates de Su\u00e8de qui ont un accord de coalition \u00e0 la ligne tr\u00e8s dure se retrouvent en quatri\u00e8me position derri\u00e8re les\u00a0\u00e9cologistes et m\u00eame punition pour leurs\u00a0camarades finlandais et danois. Il est important de pr\u00e9ciser que jamais depuis 1988 l&rsquo;extr\u00eame droite de ces trois pays n&rsquo;avait recul\u00e9 lors d&rsquo;une \u00e9lection.Vous avez bien lu.\u00a0 Encore plus int\u00e9ressant\u00a0est l&rsquo;information selon laquelle l&rsquo;immigartion a \u00e9t\u00e9 le sujet le moins porteur de la campagne avec une rel\u00e9gation \u00e0 la onzi\u00e8me place . L&rsquo;\u00e9cologie et l&rsquo;\u00e9tat de droit occupant les premi\u00e8res. Pause. Je sais, j&rsquo;entends comme vous quotidiennement les fifres et les\u00a0roulements de tambours annon\u00e7ant la d\u00e9faite\u00a0comme autant de chamades in\u00e9vitables. Je les prends tr\u00e8s au s\u00e9rieux. Vraiment. En tant que lecteur assidu de G\u00fcnther Anders, je sais que le danger vient beaucoup du manque d&rsquo;imagination face \u00e0 l&rsquo; horreur qui s&rsquo;annonce. L&rsquo;imagination, \u00a0les \u00e9lus\u00a0nordiques en ont cruellement manqu\u00e9\u00a0qui se voyaient surfer une vague monstre et qui se sont retrouv\u00e9s \u00e0 faire des ch\u00e2teaux\u00a0de sable sur la plage.\u00a0J&rsquo;entends aussi mes contempteurs, qui seraient tent\u00e9s, \u00e0 juste \u00a0titre d&rsquo;ailleurs, de m&rsquo;inviter \u00e0 aller t\u00e2ter de cette herbe l\u00e0 puisqu&rsquo;elle me semble d&rsquo;un vert si attirant.Mais \u00a0le pi\u00e8tre jardinier amateur que je suis sait \u00a0bien que l&rsquo;important n&rsquo;est pas de trouver le gazon du voisin plus vert ou son jardin plus \u00e9clatant mais juste de s&rsquo;informer; \u00a0\u00bb tu fais comment\u00a0pour supprimer les mauvaises herbes? \u00ab\u00a0<\/p>\n\n\n\n<figure class=\"wp-block-image size-large\"><a href=\"https:\/\/www.lagitedulocal.com\/wp-content\/uploads\/2024\/06\/250624.jpeg\"><img loading=\"lazy\" decoding=\"async\" width=\"769\" height=\"1023\" src=\"https:\/\/www.lagitedulocal.com\/wp-content\/uploads\/2024\/06\/250624.jpeg\" alt=\"\" class=\"wp-image-2048\" srcset=\"https:\/\/www.lagitedulocal.com\/wp-content\/uploads\/2024\/06\/250624.jpeg 769w, https:\/\/www.lagitedulocal.com\/wp-content\/uploads\/2024\/06\/250624-226x300.jpeg 226w\" sizes=\"auto, (max-width: 769px) 100vw, 769px\" \/><\/a><\/figure>\n","protected":false},"excerpt":{"rendered":"<p>Tout affair\u00e9s que nous \u00e9tions \u00e0 nous agiter le 9 juin au soir autour de notre pauvre corps \u00e9lectoral en pleine dissolution dans une vieille\u00a0baignoire cinqui\u00e8me R\u00e9publique remplie d&rsquo;un liquide \u00e9lys\u00e9en un rien trouble, on en aurait presque oubli\u00e9 de &hellip; <a href=\"https:\/\/www.lagitedulocal.com\/?p=2047\">Continuer la lecture <span class=\"meta-nav\">&rarr;<\/span><\/a><\/p>\n","protected":false},"author":1,"featured_media":0,"comment_status":"closed","ping_status":"closed","sticky":false,"template":"","format":"standard","meta":{"footnotes":""},"categories":[1],"tags":[],"class_list":["post-2047","post","type-post","status-publish","format-standard","hentry","category-non-classe"],"_links":{"self":[{"href":"https:\/\/www.lagitedulocal.com\/index.php?rest_route=\/wp\/v2\/posts\/2047","targetHints":{"allow":["GET"]}}],"collection":[{"href":"https:\/\/www.lagitedulocal.com\/index.php?rest_route=\/wp\/v2\/posts"}],"about":[{"href":"https:\/\/www.lagitedulocal.com\/index.php?rest_route=\/wp\/v2\/types\/post"}],"author":[{"embeddable":true,"href":"https:\/\/www.lagitedulocal.com\/index.php?rest_route=\/wp\/v2\/users\/1"}],"replies":[{"embeddable":true,"href":"https:\/\/www.lagitedulocal.com\/index.php?rest_route=%2Fwp%2Fv2%2Fcomments&post=2047"}],"version-history":[{"count":1,"href":"https:\/\/www.lagitedulocal.com\/index.php?rest_route=\/wp\/v2\/posts\/2047\/revisions"}],"predecessor-version":[{"id":2049,"href":"https:\/\/www.lagitedulocal.com\/index.php?rest_route=\/wp\/v2\/posts\/2047\/revisions\/2049"}],"wp:attachment":[{"href":"https:\/\/www.lagitedulocal.com\/index.php?rest_route=%2Fwp%2Fv2%2Fmedia&parent=2047"}],"wp:term":[{"taxonomy":"category","embeddable":true,"href":"https:\/\/www.lagitedulocal.com\/index.php?rest_route=%2Fwp%2Fv2%2Fcategories&post=2047"},{"taxonomy":"post_tag","embeddable":true,"href":"https:\/\/www.lagitedulocal.com\/index.php?rest_route=%2Fwp%2Fv2%2Ftags&post=2047"}],"curies":[{"name":"wp","href":"https:\/\/api.w.org\/{rel}","templated":true}]}}