{"id":2038,"date":"2024-06-21T10:57:46","date_gmt":"2024-06-21T08:57:46","guid":{"rendered":"https:\/\/www.lagitedulocal.com\/?p=2038"},"modified":"2024-06-21T10:57:46","modified_gmt":"2024-06-21T08:57:46","slug":"grandeur-et-decadence-du-petit-commerce-de-detail","status":"publish","type":"post","link":"https:\/\/www.lagitedulocal.com\/?p=2038","title":{"rendered":"Grandeur et d\u00e9cadence du petit commerce de d\u00e9tail."},"content":{"rendered":"\n<p>En 2002, \u00e0 la grande surprise des habitants du quartier, l&rsquo;\u00e9picerie Jospin d\u00e9posait le bilan. Le p\u00e8re Lionel\u00a0baissait le rideau, assomm\u00e9 par la concurrence\u00a0agressive de la sup\u00e9rette Le Pen quelques\u00a0rues plus loin. Des deux repreneurs potentiels du fond de commerce Jean-Luc et Fran\u00e7ois, il choisit le second. Force est d&rsquo;admettre que le premier en ait con\u00e7u\u00a0quelque d\u00e9ception et ressentiment.\u00a0 Aussi s&rsquo;en est il all\u00e9 un peu plus loin dans la rue ouvrir son propre bouclard o\u00f9 les clients d\u00e9\u00e7us du changement de propri\u00e9taire pourraient venir faire leurs courses avec une large gamme de produits certifi\u00e9s en rupture de stock chez Lionel.\u00a0Bon an mal an le commerce ne se portait pas trop mal m\u00eame en changeant d&rsquo;appellation,\u00a0mais la concurrence\u00a0\u00e9tait rude et le chiffre d&rsquo;affaires de la sup\u00e9rette du p\u00e8re Jean-Marie avait sacr\u00e9ment gonfl\u00e9 depuis que la fille l&rsquo;avait reprise en main \u00a0pour en faire un hypermarch\u00e9 bien ripolin\u00e9 aux couleurs du temps o\u00f9, aux derni\u00e8res nouvelles, \u00a0pas loin de la moiti\u00e9 du quartier se presse\u00a0pour y faire ses courses.\u00a0Certes, il y aurait bien une louable tentative d&rsquo;union des petits commerces du quartier pour contrer cette h\u00e9g\u00e9monie mena\u00e7ante \u00e0 l&rsquo;extr\u00eame mais le p\u00e8re Jean Luc a du mal \u00e0 g\u00e9rer son fonds de commerce face \u00e0 un personnel et une force de vente un brin r\u00e9calcitrants qui mettent \u00a0en cause sa gestion un rien paternaliste et autoritaire. Le sept juillet au soir on saura avec plus de pr\u00e9cision ce qu&rsquo;il va en advenir du commerce de gros et de d\u00e9tail dans le quartier mais c&rsquo;est loin d&rsquo;\u00eatre gagn\u00e9 pour la petite\u00a0\u00e9picerie populaire face \u00e0 l&rsquo;hyper au patronyme rassembleur. Faut dire que la nouvelle direction, son tout jeune et nouveau responsable de la strat\u00e9gie et des ressources humaines aidant, \u00a0a su ratisser large sur l&rsquo;offre en sp\u00e9culant avec une certaine r\u00e9ussite sur la demande alors que dans le m\u00eame groupe, la famille de proximit\u00e9 pourrait-on dire, on se cantonnait dans un effet canada dry; \u00e7a y ressemble, \u00e7a en a le go\u00fbt et la couleur mais ce n&rsquo;est pas la recette originale&#8230;Pour\u00a0moi aucune h\u00e9sitation, il est hors de question que je fasse mes courses dans un Hyper je pr\u00e9f\u00e8rerai toujours l&rsquo;\u00e9picerie populaire mais si \u00e7a pouvait changer de direction \u00e7a faciliterait grandement les choses.<\/p>\n\n\n\n<figure class=\"wp-block-image size-large\"><a href=\"https:\/\/www.lagitedulocal.com\/wp-content\/uploads\/2024\/06\/1406-24bis-2.jpeg\"><img loading=\"lazy\" decoding=\"async\" width=\"631\" height=\"848\" src=\"https:\/\/www.lagitedulocal.com\/wp-content\/uploads\/2024\/06\/1406-24bis-2.jpeg\" alt=\"\" class=\"wp-image-2039\" srcset=\"https:\/\/www.lagitedulocal.com\/wp-content\/uploads\/2024\/06\/1406-24bis-2.jpeg 631w, https:\/\/www.lagitedulocal.com\/wp-content\/uploads\/2024\/06\/1406-24bis-2-223x300.jpeg 223w\" sizes=\"auto, (max-width: 631px) 100vw, 631px\" \/><\/a><\/figure>\n\n\n\n<figure class=\"wp-block-image size-large\"><a href=\"https:\/\/www.lagitedulocal.com\/wp-content\/uploads\/2024\/06\/image_135_abstinence216-1.jpg\"><img loading=\"lazy\" decoding=\"async\" width=\"900\" height=\"1024\" src=\"https:\/\/www.lagitedulocal.com\/wp-content\/uploads\/2024\/06\/image_135_abstinence216-1-900x1024.jpg\" alt=\"\" class=\"wp-image-2040\" srcset=\"https:\/\/www.lagitedulocal.com\/wp-content\/uploads\/2024\/06\/image_135_abstinence216-1-900x1024.jpg 900w, https:\/\/www.lagitedulocal.com\/wp-content\/uploads\/2024\/06\/image_135_abstinence216-1-264x300.jpg 264w, https:\/\/www.lagitedulocal.com\/wp-content\/uploads\/2024\/06\/image_135_abstinence216-1-768x874.jpg 768w, https:\/\/www.lagitedulocal.com\/wp-content\/uploads\/2024\/06\/image_135_abstinence216-1-1349x1536.jpg 1349w, https:\/\/www.lagitedulocal.com\/wp-content\/uploads\/2024\/06\/image_135_abstinence216-1-1799x2048.jpg 1799w\" sizes=\"auto, (max-width: 900px) 100vw, 900px\" \/><\/a><\/figure>\n","protected":false},"excerpt":{"rendered":"<p>En 2002, \u00e0 la grande surprise des habitants du quartier, l&rsquo;\u00e9picerie Jospin d\u00e9posait le bilan. Le p\u00e8re Lionel\u00a0baissait le rideau, assomm\u00e9 par la concurrence\u00a0agressive de la sup\u00e9rette Le Pen quelques\u00a0rues plus loin. Des deux repreneurs potentiels du fond de commerce &hellip; <a href=\"https:\/\/www.lagitedulocal.com\/?p=2038\">Continuer la lecture <span class=\"meta-nav\">&rarr;<\/span><\/a><\/p>\n","protected":false},"author":1,"featured_media":0,"comment_status":"closed","ping_status":"closed","sticky":false,"template":"","format":"standard","meta":{"footnotes":""},"categories":[1],"tags":[],"class_list":["post-2038","post","type-post","status-publish","format-standard","hentry","category-non-classe"],"_links":{"self":[{"href":"https:\/\/www.lagitedulocal.com\/index.php?rest_route=\/wp\/v2\/posts\/2038","targetHints":{"allow":["GET"]}}],"collection":[{"href":"https:\/\/www.lagitedulocal.com\/index.php?rest_route=\/wp\/v2\/posts"}],"about":[{"href":"https:\/\/www.lagitedulocal.com\/index.php?rest_route=\/wp\/v2\/types\/post"}],"author":[{"embeddable":true,"href":"https:\/\/www.lagitedulocal.com\/index.php?rest_route=\/wp\/v2\/users\/1"}],"replies":[{"embeddable":true,"href":"https:\/\/www.lagitedulocal.com\/index.php?rest_route=%2Fwp%2Fv2%2Fcomments&post=2038"}],"version-history":[{"count":1,"href":"https:\/\/www.lagitedulocal.com\/index.php?rest_route=\/wp\/v2\/posts\/2038\/revisions"}],"predecessor-version":[{"id":2041,"href":"https:\/\/www.lagitedulocal.com\/index.php?rest_route=\/wp\/v2\/posts\/2038\/revisions\/2041"}],"wp:attachment":[{"href":"https:\/\/www.lagitedulocal.com\/index.php?rest_route=%2Fwp%2Fv2%2Fmedia&parent=2038"}],"wp:term":[{"taxonomy":"category","embeddable":true,"href":"https:\/\/www.lagitedulocal.com\/index.php?rest_route=%2Fwp%2Fv2%2Fcategories&post=2038"},{"taxonomy":"post_tag","embeddable":true,"href":"https:\/\/www.lagitedulocal.com\/index.php?rest_route=%2Fwp%2Fv2%2Ftags&post=2038"}],"curies":[{"name":"wp","href":"https:\/\/api.w.org\/{rel}","templated":true}]}}