{"id":1757,"date":"2022-09-28T16:39:23","date_gmt":"2022-09-28T14:39:23","guid":{"rendered":"https:\/\/www.lagitedulocal.com\/?p=1757"},"modified":"2022-09-28T16:39:23","modified_gmt":"2022-09-28T14:39:23","slug":"prevert-poete-bio","status":"publish","type":"post","link":"https:\/\/www.lagitedulocal.com\/?p=1757","title":{"rendered":"Pr\u00e9vert po\u00e8te bio"},"content":{"rendered":"\n<p>Soudain, l\u00e0, Pr\u00e9vert est arriv\u00e9. Celui de l&rsquo; \u00ab\u00a0araign\u00e9e quel dr\u00f4le de nom pour un pape \u00a0\u00bb celui aussi qui se moque des vers du plus grand po\u00e8te national, ceux de \u00ab\u00a0demain sur nos tombeaux les bl\u00e9s seront plus beaux \u00ab\u00a0, en pointant l&rsquo;ironie sordide qu&rsquo;il y a dans cette image car le bl\u00e9 ne pousse pas&nbsp;pr\u00e9cis\u00e9ment sur les tombes de ceux qui sont morts pour que monte&nbsp;ou descende le cours du bl\u00e9&#8230; Celui avec sa bonne t\u00eate \u00e0 casquette et sa clope sur fond rouge en couverture de son incontournable best seller des cours de coll\u00e8ge; Paroles.&nbsp; Oui , celui-l\u00e0.&nbsp;On va vers la fin des ann\u00e9es trente, c&rsquo;est l&rsquo;hiver, dans quelques mois Daladier va revenir de Munich et dira son fameux \u00ab\u00a0les cons si ils savaient\u00a0\u00bb &nbsp;aux na\u00effs qui l&rsquo;accueillent&nbsp;\u00e0 la descente d&rsquo;avion pensant avoir la paix pour trente ans&#8230;C&rsquo;est janvier et le grand Marcel Carn\u00e9 d\u00e9bute&nbsp;le tournage d&rsquo;un film adapt\u00e9 d&rsquo;un magnifique petit roman de Pierre Mac Orlan publi\u00e9 une dizaine d&rsquo;ann\u00e9es plus t\u00f4t sur les difficult\u00e9s de l&rsquo;\u00e9poque. Les allemands de l&rsquo;UFA n&rsquo;\u00e9taient pas chauds pour la production qui devait se tourner \u00e0 Hambourg, le Joseph d&rsquo;Adolf qui r\u00e9gnait en ma\u00eetre absolu sur le cin\u00e9ma d&rsquo;outre rhin ne voulait pas d&rsquo;une histoire de d\u00e9serteur, pr\u00e9f\u00e9rant le cin\u00e9ma de Leni Riefenstahl. On le comprend. Frank Capra qui n&rsquo;est tout de m\u00eame pas le premier &nbsp;blaireau venu dans le m\u00e9tier, raconte dans ses m\u00e9moires sa convocation \u00e0 la maison blanche o\u00f9 une copie de \u00ab\u00a0Triumph des Willens \u00a0\u00bb \u00e9tait projet\u00e9e afin de lui demander s&rsquo; il pouvait faire la m\u00eame chose tellement \u00e7a leur foutait les chocottes&#8230; Carn\u00e9 tournera le film au Havre&#8230;Et c&rsquo;est l\u00e0 que Pr\u00e9vert arrive, remaniant le sc\u00e9nario et surtout en cr\u00e9ant des dialogues si beaux que l&rsquo;un d&rsquo;entre eux va devenir culte. Soudain Pr\u00e9vert est arriv\u00e9, m\u00eame Mac Orlan lui dira sa gratitude, alors qu&rsquo;il a caviard\u00e9 son roman original, d&rsquo;avoir tellement inond\u00e9 son fameux fantastique social avec tant de po\u00e9sie.Soudain Pr\u00e9vert a d\u00e9barqu\u00e9 sur les \u00e9crans de cin\u00e9mas d&rsquo;une France qui court tout droit vers un drame color\u00e9 en rouge noir et blanc et tous les coqs de villages et des quartiers vont se prendre &nbsp;pour Gabin et son assurance fragile parceque toutes les poulettes tout \u00e0 coup auront le si beau regard de Morgan et qu&rsquo;il suffira de le leur dire pour qu&rsquo;elles ne demandent qu&rsquo;\u00e0 \u00eatre embrass\u00e9es&#8230;- T&rsquo;as de beaux yeux tu sais &#8230;- Embrassez moi &#8230;et ce qu&rsquo;on oublie c&rsquo;est qu&rsquo;apr\u00e8s le premier baiser elle ajoute:- Embrasse moi encore &nbsp;!&#8230;<\/p>\n\n\n\n<figure class=\"wp-block-image size-large\"><a href=\"https:\/\/www.lagitedulocal.com\/wp-content\/uploads\/2022\/09\/092227-1.jpeg\"><img loading=\"lazy\" decoding=\"async\" width=\"717\" height=\"1024\" src=\"https:\/\/www.lagitedulocal.com\/wp-content\/uploads\/2022\/09\/092227-1-717x1024.jpeg\" alt=\"\" class=\"wp-image-1758\" srcset=\"https:\/\/www.lagitedulocal.com\/wp-content\/uploads\/2022\/09\/092227-1-717x1024.jpeg 717w, https:\/\/www.lagitedulocal.com\/wp-content\/uploads\/2022\/09\/092227-1-210x300.jpeg 210w, https:\/\/www.lagitedulocal.com\/wp-content\/uploads\/2022\/09\/092227-1.jpeg 756w\" sizes=\"auto, (max-width: 717px) 100vw, 717px\" \/><\/a><\/figure>\n","protected":false},"excerpt":{"rendered":"<p>Soudain, l\u00e0, Pr\u00e9vert est arriv\u00e9. Celui de l&rsquo; \u00ab\u00a0araign\u00e9e quel dr\u00f4le de nom pour un pape \u00a0\u00bb celui aussi qui se moque des vers du plus grand po\u00e8te national, ceux de \u00ab\u00a0demain sur nos tombeaux les bl\u00e9s seront plus beaux &hellip; <a href=\"https:\/\/www.lagitedulocal.com\/?p=1757\">Continuer la lecture <span class=\"meta-nav\">&rarr;<\/span><\/a><\/p>\n","protected":false},"author":1,"featured_media":0,"comment_status":"closed","ping_status":"closed","sticky":false,"template":"","format":"standard","meta":{"footnotes":""},"categories":[1],"tags":[],"class_list":["post-1757","post","type-post","status-publish","format-standard","hentry","category-non-classe"],"_links":{"self":[{"href":"https:\/\/www.lagitedulocal.com\/index.php?rest_route=\/wp\/v2\/posts\/1757","targetHints":{"allow":["GET"]}}],"collection":[{"href":"https:\/\/www.lagitedulocal.com\/index.php?rest_route=\/wp\/v2\/posts"}],"about":[{"href":"https:\/\/www.lagitedulocal.com\/index.php?rest_route=\/wp\/v2\/types\/post"}],"author":[{"embeddable":true,"href":"https:\/\/www.lagitedulocal.com\/index.php?rest_route=\/wp\/v2\/users\/1"}],"replies":[{"embeddable":true,"href":"https:\/\/www.lagitedulocal.com\/index.php?rest_route=%2Fwp%2Fv2%2Fcomments&post=1757"}],"version-history":[{"count":1,"href":"https:\/\/www.lagitedulocal.com\/index.php?rest_route=\/wp\/v2\/posts\/1757\/revisions"}],"predecessor-version":[{"id":1759,"href":"https:\/\/www.lagitedulocal.com\/index.php?rest_route=\/wp\/v2\/posts\/1757\/revisions\/1759"}],"wp:attachment":[{"href":"https:\/\/www.lagitedulocal.com\/index.php?rest_route=%2Fwp%2Fv2%2Fmedia&parent=1757"}],"wp:term":[{"taxonomy":"category","embeddable":true,"href":"https:\/\/www.lagitedulocal.com\/index.php?rest_route=%2Fwp%2Fv2%2Fcategories&post=1757"},{"taxonomy":"post_tag","embeddable":true,"href":"https:\/\/www.lagitedulocal.com\/index.php?rest_route=%2Fwp%2Fv2%2Ftags&post=1757"}],"curies":[{"name":"wp","href":"https:\/\/api.w.org\/{rel}","templated":true}]}}