{"id":1745,"date":"2022-09-18T22:39:23","date_gmt":"2022-09-18T20:39:23","guid":{"rendered":"https:\/\/www.lagitedulocal.com\/?p=1745"},"modified":"2022-09-18T22:39:23","modified_gmt":"2022-09-18T20:39:23","slug":"orwell-et-le-schpountz","status":"publish","type":"post","link":"https:\/\/www.lagitedulocal.com\/?p=1745","title":{"rendered":"Orwell et le Schpountz"},"content":{"rendered":"\n<p>On peut penser que ce covid, l\u00e0, a fait bien des d\u00e9g\u00e2ts mat\u00e9riels certes mais \u00e9galement mentaux. A se demander si les \u00a0gentils administrateurs de ce pays ( car il n&rsquo;a pas suffit de changer l&rsquo;intitul\u00e9 de l&rsquo; ENA pour que ses thurif\u00e9raires disparaissent et deviennent autres que des administrateurs) n&rsquo;ont pas gard\u00e9 quelques s\u00e9quelles qui, combin\u00e9s aux effets d\u00e9vastateurs de la canicule, leur ont un peu ramolli la cervelle. D\u00e9j\u00e0 depuis belle lurette la moiti\u00e9 de ce pays utilisait encore l&rsquo;acronyme ANPE et n&rsquo;arrivait pas \u00e0 s&rsquo;y faire \u00e0 ce p\u00f4le emploi. On en a deux des p\u00f4les, celui du nord et celui du sud et m\u00eame qu&rsquo;ils sont en train de sacr\u00e9ment se d\u00e9glinguer&#8230;alors nous en balancer un pour l&#8217;emploi?&#8230; D\u00e9sormais quand vous traverserez la rue, ce ne sera plus pour un emploi ce sera pour un travail, et comme vous \u00eates un peu lents \u00e0 la r\u00e9flexion et qu&rsquo;il pourrait vous tomber dessus comme une crise d&rsquo;identit\u00e9 on vous pr\u00e9cise bien que ce travail vous allez le trouver en France qui, comme vous avez du l&rsquo;apprendre \u00e0 l&rsquo;\u00e9cole de la R\u00e9publique, est votre Patrie et celle des droits de l&rsquo;homme, l&rsquo;endroit o\u00f9 sont vos foyers, vos amis, vos familles. Pas un seul larbin pour, \u00e0 un moment donn\u00e9 dans la cha\u00eene de commandement, d\u00e9noncer l&rsquo;\u00e9normit\u00e9 de la chose. Les m\u00eames cr\u00e9tins nous ont d\u00e9j\u00e0 gratifi\u00e9 d&rsquo;une transformation du minimum vieillesse en \u00a0solidarit\u00e9 aux personnes \u00e2g\u00e9es: S.P.A ! Les chiens perdus appr\u00e9cieront. Bien s\u00fbr il y a le A d&rsquo;allocation devant mais \u00e0 la prononciation, il dispara\u00eet!\u00a0 Allez les vieux, couch\u00e9s, \u00e0 l&rsquo;Ehpad ou \u00e0 la niche!&#8230; Ce pays a acquis gr\u00e2ce \u00e0 quelques\u00a0petits malinsivres de fatuit\u00e9 et d&rsquo;intelligence autant que d\u00e9bordants d&rsquo;incomp\u00e9tence une telle \u00e9paisseur dans la connerie qu&rsquo;on en vient \u00e0 se demander, \u00e0 la relecture d&rsquo;Orwell ( car \u00e0 votre \u00e2ge on ne lit pas Orwell, on le relit) \u00a0si finalement sa fiction n&rsquo;\u00e9tait pas un brin gentiment surestim\u00e9e dans l&rsquo;horeur. Pagnol qui certes n&rsquo;\u00e9tait pas\u00a0Godard mais nous a apport\u00e9 bien du bonheur quand m\u00eame r\u00e9sumait bien la situation quand dans la bouche de Charpin il livrait sa d\u00e9licieuse r\u00e9plique avec cette intonation inimitable: \u00a0\u00bb P\u00f4vres, p\u00f4vres, p\u00f4vres couillons!&#8230;\u00a0\u00bbj&rsquo;ai pris la libert\u00e9 de le mettre au pluriel&#8230;Mais il n&rsquo;y a pas que pierrot le fou dans la vie, le schpountz c&rsquo;est bien aussi&#8230;<\/p>\n\n\n\n<figure class=\"wp-block-image size-large\"><a href=\"https:\/\/www.lagitedulocal.com\/wp-content\/uploads\/2022\/09\/092215.jpeg\"><img loading=\"lazy\" decoding=\"async\" width=\"746\" height=\"1024\" src=\"https:\/\/www.lagitedulocal.com\/wp-content\/uploads\/2022\/09\/092215-746x1024.jpeg\" alt=\"\" class=\"wp-image-1746\" srcset=\"https:\/\/www.lagitedulocal.com\/wp-content\/uploads\/2022\/09\/092215-746x1024.jpeg 746w, https:\/\/www.lagitedulocal.com\/wp-content\/uploads\/2022\/09\/092215-218x300.jpeg 218w, https:\/\/www.lagitedulocal.com\/wp-content\/uploads\/2022\/09\/092215-768x1055.jpeg 768w, https:\/\/www.lagitedulocal.com\/wp-content\/uploads\/2022\/09\/092215.jpeg 779w\" sizes=\"auto, (max-width: 746px) 100vw, 746px\" \/><\/a><\/figure>\n","protected":false},"excerpt":{"rendered":"<p>On peut penser que ce covid, l\u00e0, a fait bien des d\u00e9g\u00e2ts mat\u00e9riels certes mais \u00e9galement mentaux. A se demander si les \u00a0gentils administrateurs de ce pays ( car il n&rsquo;a pas suffit de changer l&rsquo;intitul\u00e9 de l&rsquo; ENA pour &hellip; <a href=\"https:\/\/www.lagitedulocal.com\/?p=1745\">Continuer la lecture <span class=\"meta-nav\">&rarr;<\/span><\/a><\/p>\n","protected":false},"author":1,"featured_media":0,"comment_status":"closed","ping_status":"closed","sticky":false,"template":"","format":"standard","meta":{"footnotes":""},"categories":[1],"tags":[],"class_list":["post-1745","post","type-post","status-publish","format-standard","hentry","category-non-classe"],"_links":{"self":[{"href":"https:\/\/www.lagitedulocal.com\/index.php?rest_route=\/wp\/v2\/posts\/1745","targetHints":{"allow":["GET"]}}],"collection":[{"href":"https:\/\/www.lagitedulocal.com\/index.php?rest_route=\/wp\/v2\/posts"}],"about":[{"href":"https:\/\/www.lagitedulocal.com\/index.php?rest_route=\/wp\/v2\/types\/post"}],"author":[{"embeddable":true,"href":"https:\/\/www.lagitedulocal.com\/index.php?rest_route=\/wp\/v2\/users\/1"}],"replies":[{"embeddable":true,"href":"https:\/\/www.lagitedulocal.com\/index.php?rest_route=%2Fwp%2Fv2%2Fcomments&post=1745"}],"version-history":[{"count":1,"href":"https:\/\/www.lagitedulocal.com\/index.php?rest_route=\/wp\/v2\/posts\/1745\/revisions"}],"predecessor-version":[{"id":1747,"href":"https:\/\/www.lagitedulocal.com\/index.php?rest_route=\/wp\/v2\/posts\/1745\/revisions\/1747"}],"wp:attachment":[{"href":"https:\/\/www.lagitedulocal.com\/index.php?rest_route=%2Fwp%2Fv2%2Fmedia&parent=1745"}],"wp:term":[{"taxonomy":"category","embeddable":true,"href":"https:\/\/www.lagitedulocal.com\/index.php?rest_route=%2Fwp%2Fv2%2Fcategories&post=1745"},{"taxonomy":"post_tag","embeddable":true,"href":"https:\/\/www.lagitedulocal.com\/index.php?rest_route=%2Fwp%2Fv2%2Ftags&post=1745"}],"curies":[{"name":"wp","href":"https:\/\/api.w.org\/{rel}","templated":true}]}}