{"id":1598,"date":"2022-06-26T17:28:48","date_gmt":"2022-06-26T15:28:48","guid":{"rendered":"https:\/\/www.lagitedulocal.com\/?p=1598"},"modified":"2022-06-26T17:28:48","modified_gmt":"2022-06-26T15:28:48","slug":"de-relativement-bordelique-a-absolument-grotesque","status":"publish","type":"post","link":"https:\/\/www.lagitedulocal.com\/?p=1598","title":{"rendered":"De relativement bord\u00e9lique \u00e0 absolument grotesque"},"content":{"rendered":"\n<p>en passant par \u00ab\u00a0affreusement banale \u00a0\u00bb . Triste utilisation \u00e0 contre emploi d&rsquo;un adverbe totalement d\u00e9cal\u00e9 et surtout d&rsquo;un adjectif totalement d\u00e9plac\u00e9 depuis qu&rsquo;une philosophe majeure du vingti\u00e8me si\u00e8cle s&rsquo;est rendue c\u00e9l\u00e8bre en l&rsquo;utilisant dans un contexte qui ,lui, &nbsp;avait&nbsp;tout d&rsquo;affreux &nbsp;et d&rsquo;horrible.&nbsp;On nage dans un tel d\u00e9ni tant de nos institutions que de l&rsquo;expression dans les urnes du m\u00e9contentement d&rsquo;une population qu&rsquo;on se demande bien si bient\u00f4t la pauvre cloche &#8211; pauvre car c&rsquo;est bien un signe de pauvret\u00e9 que d&rsquo;\u00eatre seule dans son beffroi- , la pauvre cloche de l&rsquo; Elys\u00e9e donc , n&rsquo;aura bient\u00f4t plus d&rsquo;autre choix que de sonner le tocsin. Apr\u00e8s &nbsp;cette triste charge sur les dits on se doit d&rsquo;attirer l&rsquo;attention sur l&rsquo;image. Le premier d&rsquo;entre nous a donc rencontr\u00e9 les repr\u00e9sentants des forces politiques vives de la nation . Je ne sais pas qui g\u00e8re l&rsquo;image du Pr\u00e9sident de la R\u00e9publique , mais le voir &nbsp;r\u00e9guli\u00e8rement serrer la louche \u00e0 ses visiteurs en gardant l&rsquo;autre main dans sa poche , \u00e7a la fiche vraiment mal &#8230;Manquerait plus qu&rsquo;il regarde ailleurs \u00ab\u00a0en m\u00eame temps \u00a0\u00bb &#8230;essayez voir , c&rsquo;est garanti comme effet&#8230;Vachement correct&nbsp;politiquement .C&rsquo;est comme \u00e7a , c&rsquo;est dimanche , on passe la journ\u00e9e en famille &nbsp;dans une paix toute relative mais au calme absolu , je dis cela pour ceux d&rsquo;entre nous qui ont la chance de vivre \u00e0 la campagne &nbsp;. Et on se pr\u00e9pare \u00e0 la derni\u00e8re semaine d&rsquo;\u00e9cole .<\/p>\n\n\n\n<p><\/p>\n\n\n\n<figure class=\"wp-block-image size-large\"><a href=\"https:\/\/www.lagitedulocal.com\/wp-content\/uploads\/2022\/06\/062226.jpeg\"><img loading=\"lazy\" decoding=\"async\" width=\"731\" height=\"862\" src=\"https:\/\/www.lagitedulocal.com\/wp-content\/uploads\/2022\/06\/062226.jpeg\" alt=\"\" class=\"wp-image-1599\" srcset=\"https:\/\/www.lagitedulocal.com\/wp-content\/uploads\/2022\/06\/062226.jpeg 731w, https:\/\/www.lagitedulocal.com\/wp-content\/uploads\/2022\/06\/062226-254x300.jpeg 254w\" sizes=\"auto, (max-width: 731px) 100vw, 731px\" \/><\/a><\/figure>\n","protected":false},"excerpt":{"rendered":"<p>en passant par \u00ab\u00a0affreusement banale \u00a0\u00bb . Triste utilisation \u00e0 contre emploi d&rsquo;un adverbe totalement d\u00e9cal\u00e9 et surtout d&rsquo;un adjectif totalement d\u00e9plac\u00e9 depuis qu&rsquo;une philosophe majeure du vingti\u00e8me si\u00e8cle s&rsquo;est rendue c\u00e9l\u00e8bre en l&rsquo;utilisant dans un contexte qui ,lui, &nbsp;avait&nbsp;tout &hellip; <a href=\"https:\/\/www.lagitedulocal.com\/?p=1598\">Continuer la lecture <span class=\"meta-nav\">&rarr;<\/span><\/a><\/p>\n","protected":false},"author":1,"featured_media":0,"comment_status":"closed","ping_status":"closed","sticky":false,"template":"","format":"standard","meta":{"footnotes":""},"categories":[1],"tags":[],"class_list":["post-1598","post","type-post","status-publish","format-standard","hentry","category-non-classe"],"_links":{"self":[{"href":"https:\/\/www.lagitedulocal.com\/index.php?rest_route=\/wp\/v2\/posts\/1598","targetHints":{"allow":["GET"]}}],"collection":[{"href":"https:\/\/www.lagitedulocal.com\/index.php?rest_route=\/wp\/v2\/posts"}],"about":[{"href":"https:\/\/www.lagitedulocal.com\/index.php?rest_route=\/wp\/v2\/types\/post"}],"author":[{"embeddable":true,"href":"https:\/\/www.lagitedulocal.com\/index.php?rest_route=\/wp\/v2\/users\/1"}],"replies":[{"embeddable":true,"href":"https:\/\/www.lagitedulocal.com\/index.php?rest_route=%2Fwp%2Fv2%2Fcomments&post=1598"}],"version-history":[{"count":1,"href":"https:\/\/www.lagitedulocal.com\/index.php?rest_route=\/wp\/v2\/posts\/1598\/revisions"}],"predecessor-version":[{"id":1600,"href":"https:\/\/www.lagitedulocal.com\/index.php?rest_route=\/wp\/v2\/posts\/1598\/revisions\/1600"}],"wp:attachment":[{"href":"https:\/\/www.lagitedulocal.com\/index.php?rest_route=%2Fwp%2Fv2%2Fmedia&parent=1598"}],"wp:term":[{"taxonomy":"category","embeddable":true,"href":"https:\/\/www.lagitedulocal.com\/index.php?rest_route=%2Fwp%2Fv2%2Fcategories&post=1598"},{"taxonomy":"post_tag","embeddable":true,"href":"https:\/\/www.lagitedulocal.com\/index.php?rest_route=%2Fwp%2Fv2%2Ftags&post=1598"}],"curies":[{"name":"wp","href":"https:\/\/api.w.org\/{rel}","templated":true}]}}