{"id":1523,"date":"2022-05-31T16:53:36","date_gmt":"2022-05-31T14:53:36","guid":{"rendered":"https:\/\/www.lagitedulocal.com\/?p=1523"},"modified":"2022-05-31T16:53:36","modified_gmt":"2022-05-31T14:53:36","slug":"en-juin-cultive-ton-jardin","status":"publish","type":"post","link":"https:\/\/www.lagitedulocal.com\/?p=1523","title":{"rendered":"En juin cultive ton jardin"},"content":{"rendered":"\n<p>Une des plus joliment fleurie et sensible d\u00e9finition de l&rsquo; amiti\u00e9 nous est donn\u00e9e par Roger Nimier :\u00a0\u00bbun ami , \u00e9crit-il\u00a0c&rsquo;est celui qu&rsquo;on appelle en pleine nuit pour aider \u00e0 creuser un trou dans le jardin et qui ne pose pas de questions \u00a0\u00bb .Quelque fois\u00a0je me demande ce que peut bien renfermer le sous &#8211; sol des jardins de l&rsquo;Elys\u00e9e , car avec les bandes de bras cass\u00e9s qui se succ\u00e8dent au gouvernement , il y a certains visiteurs \u00a0du soir qu&rsquo;on doit voir entrer mais pas forc\u00e9ment ressortir. On esp\u00e8re juste que le Jardinier en chef a assez d&rsquo;amis \u00e0 appeler \u00e0 l&rsquo;aide parce que l\u00e0, prochainement, \u00e7a va donner &#8230;et on ne pourra pas toujours accuser les taupes.\u00a0Mais bon , tout \u00e7a ne nous rendra pas Voltaire , forc\u00e9ment&#8230;J&rsquo;ai failli \u00e9crire Reinhard Mey ,cruel manque d&rsquo;\u00e9ducation et de discernement car il est encore vivant ! mais bon il nous manque quand m\u00eame :\u00a0\u00bbDer M\u00f6rder ist immer der G\u00e4rtner \u00ab\u00a0&#8230;.( \u00ab\u00a0l&rsquo;assassin\u00a0\u00e9tait le jardinier\u00a0\u00bb en fran\u00e7ais car il chantait dans les deux langues\u00a0&#8230;<\/p>\n\n\n\n<figure class=\"wp-block-image size-large\"><a href=\"https:\/\/www.lagitedulocal.com\/wp-content\/uploads\/2022\/05\/3105.jpeg\"><img loading=\"lazy\" decoding=\"async\" width=\"962\" height=\"549\" src=\"https:\/\/www.lagitedulocal.com\/wp-content\/uploads\/2022\/05\/3105.jpeg\" alt=\"\" class=\"wp-image-1524\" srcset=\"https:\/\/www.lagitedulocal.com\/wp-content\/uploads\/2022\/05\/3105.jpeg 962w, https:\/\/www.lagitedulocal.com\/wp-content\/uploads\/2022\/05\/3105-300x171.jpeg 300w, https:\/\/www.lagitedulocal.com\/wp-content\/uploads\/2022\/05\/3105-768x438.jpeg 768w, https:\/\/www.lagitedulocal.com\/wp-content\/uploads\/2022\/05\/3105-500x285.jpeg 500w\" sizes=\"auto, (max-width: 962px) 100vw, 962px\" \/><\/a><\/figure>\n","protected":false},"excerpt":{"rendered":"<p>Une des plus joliment fleurie et sensible d\u00e9finition de l&rsquo; amiti\u00e9 nous est donn\u00e9e par Roger Nimier :\u00a0\u00bbun ami , \u00e9crit-il\u00a0c&rsquo;est celui qu&rsquo;on appelle en pleine nuit pour aider \u00e0 creuser un trou dans le jardin et qui ne pose &hellip; <a href=\"https:\/\/www.lagitedulocal.com\/?p=1523\">Continuer la lecture <span class=\"meta-nav\">&rarr;<\/span><\/a><\/p>\n","protected":false},"author":1,"featured_media":0,"comment_status":"closed","ping_status":"closed","sticky":false,"template":"","format":"standard","meta":{"footnotes":""},"categories":[1],"tags":[],"class_list":["post-1523","post","type-post","status-publish","format-standard","hentry","category-non-classe"],"_links":{"self":[{"href":"https:\/\/www.lagitedulocal.com\/index.php?rest_route=\/wp\/v2\/posts\/1523","targetHints":{"allow":["GET"]}}],"collection":[{"href":"https:\/\/www.lagitedulocal.com\/index.php?rest_route=\/wp\/v2\/posts"}],"about":[{"href":"https:\/\/www.lagitedulocal.com\/index.php?rest_route=\/wp\/v2\/types\/post"}],"author":[{"embeddable":true,"href":"https:\/\/www.lagitedulocal.com\/index.php?rest_route=\/wp\/v2\/users\/1"}],"replies":[{"embeddable":true,"href":"https:\/\/www.lagitedulocal.com\/index.php?rest_route=%2Fwp%2Fv2%2Fcomments&post=1523"}],"version-history":[{"count":1,"href":"https:\/\/www.lagitedulocal.com\/index.php?rest_route=\/wp\/v2\/posts\/1523\/revisions"}],"predecessor-version":[{"id":1525,"href":"https:\/\/www.lagitedulocal.com\/index.php?rest_route=\/wp\/v2\/posts\/1523\/revisions\/1525"}],"wp:attachment":[{"href":"https:\/\/www.lagitedulocal.com\/index.php?rest_route=%2Fwp%2Fv2%2Fmedia&parent=1523"}],"wp:term":[{"taxonomy":"category","embeddable":true,"href":"https:\/\/www.lagitedulocal.com\/index.php?rest_route=%2Fwp%2Fv2%2Fcategories&post=1523"},{"taxonomy":"post_tag","embeddable":true,"href":"https:\/\/www.lagitedulocal.com\/index.php?rest_route=%2Fwp%2Fv2%2Ftags&post=1523"}],"curies":[{"name":"wp","href":"https:\/\/api.w.org\/{rel}","templated":true}]}}