{"id":1520,"date":"2022-05-30T14:59:29","date_gmt":"2022-05-30T12:59:29","guid":{"rendered":"https:\/\/www.lagitedulocal.com\/?p=1520"},"modified":"2022-05-30T14:59:29","modified_gmt":"2022-05-30T12:59:29","slug":"lemmerdeur-argentique","status":"publish","type":"post","link":"https:\/\/www.lagitedulocal.com\/?p=1520","title":{"rendered":"L&#8217;emmerdeur argentique"},"content":{"rendered":"\n<p>En fait , l&rsquo;image qui colle \u00e0 Jean-Luc M\u00e9lenchon , celle d&rsquo;un emmerdeur politique , n&rsquo;est pas r\u00e9cente , elle date d&rsquo;avant l&rsquo;\u00e8re du num\u00e9rique. Ceux qui ont connu la magie qui op\u00e9rait dans la chambre rouge o\u00f9 l&rsquo;on d\u00e9veloppait les films pour les faire s\u00e9cher en longs d\u00e9roul\u00e9s semblables \u00e0 ces spirales de papier attrappe mouches qui faisaient le d\u00e9lice des cuisines de la France \u00a0rurale des belles ann\u00e9es , puis les bains successifs de l&rsquo;\u00e9preuve papier pour voir surgir tout \u00e0 coup l&rsquo;image tant attendue \u00a0( l&rsquo;instantan\u00e9 de la grand m\u00e8re dans son fauteuil ou la copine nue) \u00a0me comprendront .\u00a0<br>M\u00e9lenchon, lui, a repens\u00e9 \u00e0 tout \u00e7a . Il s&rsquo;est demand\u00e9 pourquoi \u00e7a fonctionnait si mal l&rsquo;image de la gauche ; les mises au point toujours un peu floues, les photos de groupes jamais au complet, une t\u00eate coup\u00e9e par ci des jambes qui d\u00e9passent par l\u00e0&#8230;Forc\u00e9ment \u00e7a flottait et tout \u00e7a malgr\u00e9 le num\u00e9rique tout puissant hein avec des milliers de poses \u00e0 la minute , des pixels par millions , des automatismes d&rsquo;une sophistication extra terrestre \u00a0. Alors il s&rsquo;est mis \u00e0 tout repenser . En nostalgique .\u00a0 Il a repens\u00e9 l&rsquo;image en artisan ,comme si elle allait sortir d&rsquo;un labo vintage ; en repensant chaque \u00e9tape , le d\u00e9veloppement , le tirage , le temps d&rsquo;exposition , la solution pour fixer tout \u00e7a &#8230;Et de tout \u00e7a est sorti un tirage papier assez net , bien contrast\u00e9 qui sent bon l&rsquo;artisan ma\u00eetre de sa technique et de ses outils. Une \u00e9preuve que \u00e7a s&rsquo;appelle. Parfaitement. Un truc qu&rsquo;on est content de montrer aux copains qui sont bien forc\u00e9s d&rsquo;admettre que c&rsquo;est l&rsquo;\u00e9preuve qui a le plus de chance de remporter quelque chose au grand prix de la photographie fran\u00e7aise des 12 et 19 juin. Forc\u00e9ment , au pays des grandes gueules et des t\u00eates bien pleines de savoir , le travail artisanal bien fait , non seulement \u00e7a \u00e9nerve mais \u00e7a ennuie aussi, et m\u00eame plus ; \u00e7a emmerde . Et \u00e7a \u00a0emmerde tout le monde . \u00c7a emmerde certains qui ont beau afficher leur modernit\u00e9 \u00e0 coup de photoshop mais dont on voit les retouches \u00a0grossi\u00e8res bleu marine et marron sur toutes les images . \u00c7a emmerde d&rsquo;autres qui pr\u00e9tendent pouvoir faire aussi bien dans leur labo mais qui n&rsquo;ont toujours pas trouv\u00e9 un papier photo recyclable \u00e9cologiquement responsable qui tienne la route. Sans compter les plus vieux de la vieille qui ont vendu le labo de Solf\u00e9rino et ne savent plus ce qu&rsquo;ils ont fait de l&rsquo;agrandisseur pas plus que leurs copains d&rsquo;en face qui sont oblig\u00e9s de faire la qu\u00eate\u00a0pour se payer de\u00a0la pellicule . Et le Monarque dans tout \u00e7a , le patron de la start-up photo France ? Le plus beau sur la photo dans toutes les mairies de France?&#8230;Ben forc\u00e9ment c&rsquo;est celui que \u00e7a emmerde le plus parce qu&rsquo;il pensait que forc\u00e9ment artistiquement parlant y allait pas avoir\u00a0photo . La sienne reste la plus belle et c&rsquo;est pas \u00e0 lui l\u00e0, avec son iphone 18 qu&rsquo;un vieux arm\u00e9 d&rsquo;un Zenit 3M ringard &#8211; merveille de la technologie sovi\u00e9tique- allait apprendre la musique photographique !  et ben si ! M\u00e9lenchon , l&#8217;emmerdeur argentique !&#8230;<\/p>\n\n\n\n<figure class=\"wp-block-image size-large\"><a href=\"https:\/\/www.lagitedulocal.com\/wp-content\/uploads\/2022\/05\/3005.jpeg\"><img loading=\"lazy\" decoding=\"async\" width=\"717\" height=\"863\" src=\"https:\/\/www.lagitedulocal.com\/wp-content\/uploads\/2022\/05\/3005.jpeg\" alt=\"\" class=\"wp-image-1521\" srcset=\"https:\/\/www.lagitedulocal.com\/wp-content\/uploads\/2022\/05\/3005.jpeg 717w, https:\/\/www.lagitedulocal.com\/wp-content\/uploads\/2022\/05\/3005-249x300.jpeg 249w\" sizes=\"auto, (max-width: 717px) 100vw, 717px\" \/><\/a><\/figure>\n","protected":false},"excerpt":{"rendered":"<p>En fait , l&rsquo;image qui colle \u00e0 Jean-Luc M\u00e9lenchon , celle d&rsquo;un emmerdeur politique , n&rsquo;est pas r\u00e9cente , elle date d&rsquo;avant l&rsquo;\u00e8re du num\u00e9rique. Ceux qui ont connu la magie qui op\u00e9rait dans la chambre rouge o\u00f9 l&rsquo;on d\u00e9veloppait &hellip; <a href=\"https:\/\/www.lagitedulocal.com\/?p=1520\">Continuer la lecture <span class=\"meta-nav\">&rarr;<\/span><\/a><\/p>\n","protected":false},"author":1,"featured_media":0,"comment_status":"closed","ping_status":"closed","sticky":false,"template":"","format":"standard","meta":{"footnotes":""},"categories":[1],"tags":[],"class_list":["post-1520","post","type-post","status-publish","format-standard","hentry","category-non-classe"],"_links":{"self":[{"href":"https:\/\/www.lagitedulocal.com\/index.php?rest_route=\/wp\/v2\/posts\/1520","targetHints":{"allow":["GET"]}}],"collection":[{"href":"https:\/\/www.lagitedulocal.com\/index.php?rest_route=\/wp\/v2\/posts"}],"about":[{"href":"https:\/\/www.lagitedulocal.com\/index.php?rest_route=\/wp\/v2\/types\/post"}],"author":[{"embeddable":true,"href":"https:\/\/www.lagitedulocal.com\/index.php?rest_route=\/wp\/v2\/users\/1"}],"replies":[{"embeddable":true,"href":"https:\/\/www.lagitedulocal.com\/index.php?rest_route=%2Fwp%2Fv2%2Fcomments&post=1520"}],"version-history":[{"count":1,"href":"https:\/\/www.lagitedulocal.com\/index.php?rest_route=\/wp\/v2\/posts\/1520\/revisions"}],"predecessor-version":[{"id":1522,"href":"https:\/\/www.lagitedulocal.com\/index.php?rest_route=\/wp\/v2\/posts\/1520\/revisions\/1522"}],"wp:attachment":[{"href":"https:\/\/www.lagitedulocal.com\/index.php?rest_route=%2Fwp%2Fv2%2Fmedia&parent=1520"}],"wp:term":[{"taxonomy":"category","embeddable":true,"href":"https:\/\/www.lagitedulocal.com\/index.php?rest_route=%2Fwp%2Fv2%2Fcategories&post=1520"},{"taxonomy":"post_tag","embeddable":true,"href":"https:\/\/www.lagitedulocal.com\/index.php?rest_route=%2Fwp%2Fv2%2Ftags&post=1520"}],"curies":[{"name":"wp","href":"https:\/\/api.w.org\/{rel}","templated":true}]}}